{"id":445,"date":"2025-03-10T17:56:16","date_gmt":"2025-03-10T16:56:16","guid":{"rendered":"https:\/\/leicaminaireseillanais.com\/?p=445"},"modified":"2025-03-10T18:01:18","modified_gmt":"2025-03-10T17:01:18","slug":"visite-de-notre-village-par-jean-michel","status":"publish","type":"post","link":"https:\/\/leicaminaireseillanais.com\/index.php\/2025\/03\/10\/visite-de-notre-village-par-jean-michel\/","title":{"rendered":"Visite de notre village par Jean-Michel"},"content":{"rendered":"\n<p>Ce samedi 1er mars et pour faire suite \u00e0 l&rsquo;Assembl\u00e9e G\u00e9n\u00e9rale du CDRP, notre Pr\u00e9sident Jean-Michel a emmen\u00e9 25 personnes pour une balade digestive dans les ruelles de notre si joli village. Tous sont revenus enchant\u00e9s et \u00e9merveill\u00e9s \ud83d\ude0a\ud83d\ude0a\ud83d\ude0a<\/p>\n\n\n\n<figure class=\"wp-block-image size-large\"><img loading=\"lazy\" decoding=\"async\" width=\"1024\" height=\"768\" src=\"https:\/\/leicaminaireseillanais.com\/wp-content\/uploads\/2025\/03\/IMG_9145-1024x768.jpg\" alt=\"\" class=\"wp-image-446\" srcset=\"https:\/\/leicaminaireseillanais.com\/wp-content\/uploads\/2025\/03\/IMG_9145-1024x768.jpg 1024w, https:\/\/leicaminaireseillanais.com\/wp-content\/uploads\/2025\/03\/IMG_9145-300x225.jpg 300w, https:\/\/leicaminaireseillanais.com\/wp-content\/uploads\/2025\/03\/IMG_9145-768x576.jpg 768w, https:\/\/leicaminaireseillanais.com\/wp-content\/uploads\/2025\/03\/IMG_9145-1536x1152.jpg 1536w, https:\/\/leicaminaireseillanais.com\/wp-content\/uploads\/2025\/03\/IMG_9145-2048x1536.jpg 2048w\" sizes=\"auto, (max-width: 1024px) 100vw, 1024px\" \/><\/figure>\n\n\n\n<figure class=\"wp-block-image size-large\"><img loading=\"lazy\" decoding=\"async\" width=\"1024\" height=\"768\" src=\"https:\/\/leicaminaireseillanais.com\/wp-content\/uploads\/2025\/03\/IMG_9143-1024x768.jpg\" alt=\"\" class=\"wp-image-447\" srcset=\"https:\/\/leicaminaireseillanais.com\/wp-content\/uploads\/2025\/03\/IMG_9143-1024x768.jpg 1024w, https:\/\/leicaminaireseillanais.com\/wp-content\/uploads\/2025\/03\/IMG_9143-300x225.jpg 300w, https:\/\/leicaminaireseillanais.com\/wp-content\/uploads\/2025\/03\/IMG_9143-768x576.jpg 768w, https:\/\/leicaminaireseillanais.com\/wp-content\/uploads\/2025\/03\/IMG_9143-1536x1152.jpg 1536w, https:\/\/leicaminaireseillanais.com\/wp-content\/uploads\/2025\/03\/IMG_9143-2048x1536.jpg 2048w\" sizes=\"auto, (max-width: 1024px) 100vw, 1024px\" \/><\/figure>\n\n\n\n<figure class=\"wp-block-image size-large\"><img loading=\"lazy\" decoding=\"async\" width=\"1024\" height=\"768\" src=\"https:\/\/leicaminaireseillanais.com\/wp-content\/uploads\/2025\/03\/IMG_9140-1024x768.jpg\" alt=\"\" class=\"wp-image-448\" srcset=\"https:\/\/leicaminaireseillanais.com\/wp-content\/uploads\/2025\/03\/IMG_9140-1024x768.jpg 1024w, https:\/\/leicaminaireseillanais.com\/wp-content\/uploads\/2025\/03\/IMG_9140-300x225.jpg 300w, https:\/\/leicaminaireseillanais.com\/wp-content\/uploads\/2025\/03\/IMG_9140-768x576.jpg 768w, https:\/\/leicaminaireseillanais.com\/wp-content\/uploads\/2025\/03\/IMG_9140-1536x1152.jpg 1536w, https:\/\/leicaminaireseillanais.com\/wp-content\/uploads\/2025\/03\/IMG_9140-2048x1536.jpg 2048w\" sizes=\"auto, (max-width: 1024px) 100vw, 1024px\" \/><\/figure>\n","protected":false},"excerpt":{"rendered":"<p>Ce samedi 1er mars et pour faire suite \u00e0 l&rsquo;Assembl\u00e9e G\u00e9n\u00e9rale du CDRP, notre Pr\u00e9sident Jean-Michel a emmen\u00e9 25 personnes pour une balade digestive dans les ruelles de notre si joli village. Tous sont revenus enchant\u00e9s et \u00e9merveill\u00e9s \ud83d\ude0a\ud83d\ude0a\ud83d\ude0a<\/p>\n","protected":false},"author":2,"featured_media":448,"comment_status":"open","ping_status":"open","sticky":false,"template":"","format":"standard","meta":{"footnotes":""},"categories":[1],"tags":[],"class_list":["post-445","post","type-post","status-publish","format-standard","has-post-thumbnail","hentry","category-non-classe"],"yoast_head":"<!-- This site is optimized with the Yoast SEO plugin v26.7 - https:\/\/yoast.com\/wordpress\/plugins\/seo\/ -->\n<title>Visite de notre village par Jean-Michel - Lei Camina\u00efre Seillanais<\/title>\n<meta name=\"robots\" content=\"index, follow, max-snippet:-1, max-image-preview:large, max-video-preview:-1\" \/>\n<link rel=\"canonical\" href=\"https:\/\/leicaminaireseillanais.com\/index.php\/2025\/03\/10\/visite-de-notre-village-par-jean-michel\/\" \/>\n<meta property=\"og:locale\" content=\"fr_FR\" \/>\n<meta property=\"og:type\" content=\"article\" \/>\n<meta property=\"og:title\" content=\"Visite de notre village par Jean-Michel - Lei Camina\u00efre Seillanais\" \/>\n<meta property=\"og:description\" content=\"Ce samedi 1er mars et pour faire suite \u00e0 l&rsquo;Assembl\u00e9e G\u00e9n\u00e9rale du CDRP, notre Pr\u00e9sident Jean-Michel a emmen\u00e9 25 personnes pour une balade digestive dans les ruelles de notre si joli village. Tous sont revenus enchant\u00e9s et \u00e9merveill\u00e9s \ud83d\ude0a\ud83d\ude0a\ud83d\ude0a\" \/>\n<meta property=\"og:url\" content=\"https:\/\/leicaminaireseillanais.com\/index.php\/2025\/03\/10\/visite-de-notre-village-par-jean-michel\/\" \/>\n<meta property=\"og:site_name\" content=\"Lei Camina\u00efre Seillanais\" \/>\n<meta property=\"article:published_time\" content=\"2025-03-10T16:56:16+00:00\" \/>\n<meta property=\"article:modified_time\" content=\"2025-03-10T17:01:18+00:00\" \/>\n<meta property=\"og:image\" content=\"https:\/\/leicaminaireseillanais.com\/wp-content\/uploads\/2025\/03\/IMG_9140-scaled.jpg\" \/>\n\t<meta property=\"og:image:width\" content=\"2560\" \/>\n\t<meta property=\"og:image:height\" content=\"1920\" \/>\n\t<meta property=\"og:image:type\" content=\"image\/jpeg\" \/>\n<meta name=\"author\" content=\"Virginie Malaplate\" \/>\n<meta name=\"twitter:card\" content=\"summary_large_image\" \/>\n<meta name=\"twitter:label1\" content=\"\u00c9crit par\" \/>\n\t<meta name=\"twitter:data1\" content=\"Virginie Malaplate\" \/>\n\t<meta name=\"twitter:label2\" content=\"Dur\u00e9e de lecture estim\u00e9e\" \/>\n\t<meta name=\"twitter:data2\" content=\"1 minute\" \/>\n<script type=\"application\/ld+json\" class=\"yoast-schema-graph\">{\"@context\":\"https:\/\/schema.org\",\"@graph\":[{\"@type\":\"Article\",\"@id\":\"https:\/\/leicaminaireseillanais.com\/index.php\/2025\/03\/10\/visite-de-notre-village-par-jean-michel\/#article\",\"isPartOf\":{\"@id\":\"https:\/\/leicaminaireseillanais.com\/index.php\/2025\/03\/10\/visite-de-notre-village-par-jean-michel\/\"},\"author\":{\"name\":\"Virginie Malaplate\",\"@id\":\"https:\/\/leicaminaireseillanais.com\/#\/schema\/person\/e8e228fc0cda7c98a74bebf3f6975eb2\"},\"headline\":\"Visite de notre village par Jean-Michel\",\"datePublished\":\"2025-03-10T16:56:16+00:00\",\"dateModified\":\"2025-03-10T17:01:18+00:00\",\"mainEntityOfPage\":{\"@id\":\"https:\/\/leicaminaireseillanais.com\/index.php\/2025\/03\/10\/visite-de-notre-village-par-jean-michel\/\"},\"wordCount\":49,\"commentCount\":1,\"publisher\":{\"@id\":\"https:\/\/leicaminaireseillanais.com\/#organization\"},\"image\":{\"@id\":\"https:\/\/leicaminaireseillanais.com\/index.php\/2025\/03\/10\/visite-de-notre-village-par-jean-michel\/#primaryimage\"},\"thumbnailUrl\":\"https:\/\/leicaminaireseillanais.com\/wp-content\/uploads\/2025\/03\/IMG_9140-scaled.jpg\",\"inLanguage\":\"fr-FR\",\"potentialAction\":[{\"@type\":\"CommentAction\",\"name\":\"Comment\",\"target\":[\"https:\/\/leicaminaireseillanais.com\/index.php\/2025\/03\/10\/visite-de-notre-village-par-jean-michel\/#respond\"]}]},{\"@type\":\"WebPage\",\"@id\":\"https:\/\/leicaminaireseillanais.com\/index.php\/2025\/03\/10\/visite-de-notre-village-par-jean-michel\/\",\"url\":\"https:\/\/leicaminaireseillanais.com\/index.php\/2025\/03\/10\/visite-de-notre-village-par-jean-michel\/\",\"name\":\"Visite de notre village par Jean-Michel - Lei Camina\u00efre Seillanais\",\"isPartOf\":{\"@id\":\"https:\/\/leicaminaireseillanais.com\/#website\"},\"primaryImageOfPage\":{\"@id\":\"https:\/\/leicaminaireseillanais.com\/index.php\/2025\/03\/10\/visite-de-notre-village-par-jean-michel\/#primaryimage\"},\"image\":{\"@id\":\"https:\/\/leicaminaireseillanais.com\/index.php\/2025\/03\/10\/visite-de-notre-village-par-jean-michel\/#primaryimage\"},\"thumbnailUrl\":\"https:\/\/leicaminaireseillanais.com\/wp-content\/uploads\/2025\/03\/IMG_9140-scaled.jpg\",\"datePublished\":\"2025-03-10T16:56:16+00:00\",\"dateModified\":\"2025-03-10T17:01:18+00:00\",\"breadcrumb\":{\"@id\":\"https:\/\/leicaminaireseillanais.com\/index.php\/2025\/03\/10\/visite-de-notre-village-par-jean-michel\/#breadcrumb\"},\"inLanguage\":\"fr-FR\",\"potentialAction\":[{\"@type\":\"ReadAction\",\"target\":[\"https:\/\/leicaminaireseillanais.com\/index.php\/2025\/03\/10\/visite-de-notre-village-par-jean-michel\/\"]}]},{\"@type\":\"ImageObject\",\"inLanguage\":\"fr-FR\",\"@id\":\"https:\/\/leicaminaireseillanais.com\/index.php\/2025\/03\/10\/visite-de-notre-village-par-jean-michel\/#primaryimage\",\"url\":\"https:\/\/leicaminaireseillanais.com\/wp-content\/uploads\/2025\/03\/IMG_9140-scaled.jpg\",\"contentUrl\":\"https:\/\/leicaminaireseillanais.com\/wp-content\/uploads\/2025\/03\/IMG_9140-scaled.jpg\",\"width\":2560,\"height\":1920},{\"@type\":\"BreadcrumbList\",\"@id\":\"https:\/\/leicaminaireseillanais.com\/index.php\/2025\/03\/10\/visite-de-notre-village-par-jean-michel\/#breadcrumb\",\"itemListElement\":[{\"@type\":\"ListItem\",\"position\":1,\"name\":\"Accueil\",\"item\":\"https:\/\/leicaminaireseillanais.com\/\"},{\"@type\":\"ListItem\",\"position\":2,\"name\":\"Visite de notre village par Jean-Michel\"}]},{\"@type\":\"WebSite\",\"@id\":\"https:\/\/leicaminaireseillanais.com\/#website\",\"url\":\"https:\/\/leicaminaireseillanais.com\/\",\"name\":\"Lei Camina\u00efre Seillanais\",\"description\":\"Organise et encadre des randonn\u00e9es p\u00e9destres.\",\"publisher\":{\"@id\":\"https:\/\/leicaminaireseillanais.com\/#organization\"},\"potentialAction\":[{\"@type\":\"SearchAction\",\"target\":{\"@type\":\"EntryPoint\",\"urlTemplate\":\"https:\/\/leicaminaireseillanais.com\/?s={search_term_string}\"},\"query-input\":{\"@type\":\"PropertyValueSpecification\",\"valueRequired\":true,\"valueName\":\"search_term_string\"}}],\"inLanguage\":\"fr-FR\"},{\"@type\":\"Organization\",\"@id\":\"https:\/\/leicaminaireseillanais.com\/#organization\",\"name\":\"Lei Camina\u00efre Seillanais\",\"url\":\"https:\/\/leicaminaireseillanais.com\/\",\"logo\":{\"@type\":\"ImageObject\",\"inLanguage\":\"fr-FR\",\"@id\":\"https:\/\/leicaminaireseillanais.com\/#\/schema\/logo\/image\/\",\"url\":\"https:\/\/leicaminaireseillanais.com\/wp-content\/uploads\/2025\/12\/cropped-LEI-CAMINAIRE-SEILLANAIS-LOGO-icone.png\",\"contentUrl\":\"https:\/\/leicaminaireseillanais.com\/wp-content\/uploads\/2025\/12\/cropped-LEI-CAMINAIRE-SEILLANAIS-LOGO-icone.png\",\"width\":150,\"height\":148,\"caption\":\"Lei Camina\u00efre Seillanais\"},\"image\":{\"@id\":\"https:\/\/leicaminaireseillanais.com\/#\/schema\/logo\/image\/\"}},{\"@type\":\"Person\",\"@id\":\"https:\/\/leicaminaireseillanais.com\/#\/schema\/person\/e8e228fc0cda7c98a74bebf3f6975eb2\",\"name\":\"Virginie Malaplate\",\"image\":{\"@type\":\"ImageObject\",\"inLanguage\":\"fr-FR\",\"@id\":\"https:\/\/leicaminaireseillanais.com\/#\/schema\/person\/image\/\",\"url\":\"https:\/\/secure.gravatar.com\/avatar\/d237f2fdff27d03f209dc7b22d133ba885b00438b7a3ffff9ecd5b57d16b1462?s=96&d=mm&r=g\",\"contentUrl\":\"https:\/\/secure.gravatar.com\/avatar\/d237f2fdff27d03f209dc7b22d133ba885b00438b7a3ffff9ecd5b57d16b1462?s=96&d=mm&r=g\",\"caption\":\"Virginie Malaplate\"},\"url\":\"https:\/\/leicaminaireseillanais.com\/index.php\/author\/virginie\/\"}]}<\/script>\n<!-- \/ Yoast SEO plugin. -->","yoast_head_json":{"title":"Visite de notre village par Jean-Michel - Lei Camina\u00efre Seillanais","robots":{"index":"index","follow":"follow","max-snippet":"max-snippet:-1","max-image-preview":"max-image-preview:large","max-video-preview":"max-video-preview:-1"},"canonical":"https:\/\/leicaminaireseillanais.com\/index.php\/2025\/03\/10\/visite-de-notre-village-par-jean-michel\/","og_locale":"fr_FR","og_type":"article","og_title":"Visite de notre village par Jean-Michel - Lei Camina\u00efre Seillanais","og_description":"Ce samedi 1er mars et pour faire suite \u00e0 l&rsquo;Assembl\u00e9e G\u00e9n\u00e9rale du CDRP, notre Pr\u00e9sident Jean-Michel a emmen\u00e9 25 personnes pour une balade digestive dans les ruelles de notre si joli village. Tous sont revenus enchant\u00e9s et \u00e9merveill\u00e9s \ud83d\ude0a\ud83d\ude0a\ud83d\ude0a","og_url":"https:\/\/leicaminaireseillanais.com\/index.php\/2025\/03\/10\/visite-de-notre-village-par-jean-michel\/","og_site_name":"Lei Camina\u00efre Seillanais","article_published_time":"2025-03-10T16:56:16+00:00","article_modified_time":"2025-03-10T17:01:18+00:00","og_image":[{"width":2560,"height":1920,"url":"https:\/\/leicaminaireseillanais.com\/wp-content\/uploads\/2025\/03\/IMG_9140-scaled.jpg","type":"image\/jpeg"}],"author":"Virginie Malaplate","twitter_card":"summary_large_image","twitter_misc":{"\u00c9crit par":"Virginie Malaplate","Dur\u00e9e de lecture estim\u00e9e":"1 minute"},"schema":{"@context":"https:\/\/schema.org","@graph":[{"@type":"Article","@id":"https:\/\/leicaminaireseillanais.com\/index.php\/2025\/03\/10\/visite-de-notre-village-par-jean-michel\/#article","isPartOf":{"@id":"https:\/\/leicaminaireseillanais.com\/index.php\/2025\/03\/10\/visite-de-notre-village-par-jean-michel\/"},"author":{"name":"Virginie Malaplate","@id":"https:\/\/leicaminaireseillanais.com\/#\/schema\/person\/e8e228fc0cda7c98a74bebf3f6975eb2"},"headline":"Visite de notre village par Jean-Michel","datePublished":"2025-03-10T16:56:16+00:00","dateModified":"2025-03-10T17:01:18+00:00","mainEntityOfPage":{"@id":"https:\/\/leicaminaireseillanais.com\/index.php\/2025\/03\/10\/visite-de-notre-village-par-jean-michel\/"},"wordCount":49,"commentCount":1,"publisher":{"@id":"https:\/\/leicaminaireseillanais.com\/#organization"},"image":{"@id":"https:\/\/leicaminaireseillanais.com\/index.php\/2025\/03\/10\/visite-de-notre-village-par-jean-michel\/#primaryimage"},"thumbnailUrl":"https:\/\/leicaminaireseillanais.com\/wp-content\/uploads\/2025\/03\/IMG_9140-scaled.jpg","inLanguage":"fr-FR","potentialAction":[{"@type":"CommentAction","name":"Comment","target":["https:\/\/leicaminaireseillanais.com\/index.php\/2025\/03\/10\/visite-de-notre-village-par-jean-michel\/#respond"]}]},{"@type":"WebPage","@id":"https:\/\/leicaminaireseillanais.com\/index.php\/2025\/03\/10\/visite-de-notre-village-par-jean-michel\/","url":"https:\/\/leicaminaireseillanais.com\/index.php\/2025\/03\/10\/visite-de-notre-village-par-jean-michel\/","name":"Visite de notre village par Jean-Michel - Lei Camina\u00efre Seillanais","isPartOf":{"@id":"https:\/\/leicaminaireseillanais.com\/#website"},"primaryImageOfPage":{"@id":"https:\/\/leicaminaireseillanais.com\/index.php\/2025\/03\/10\/visite-de-notre-village-par-jean-michel\/#primaryimage"},"image":{"@id":"https:\/\/leicaminaireseillanais.com\/index.php\/2025\/03\/10\/visite-de-notre-village-par-jean-michel\/#primaryimage"},"thumbnailUrl":"https:\/\/leicaminaireseillanais.com\/wp-content\/uploads\/2025\/03\/IMG_9140-scaled.jpg","datePublished":"2025-03-10T16:56:16+00:00","dateModified":"2025-03-10T17:01:18+00:00","breadcrumb":{"@id":"https:\/\/leicaminaireseillanais.com\/index.php\/2025\/03\/10\/visite-de-notre-village-par-jean-michel\/#breadcrumb"},"inLanguage":"fr-FR","potentialAction":[{"@type":"ReadAction","target":["https:\/\/leicaminaireseillanais.com\/index.php\/2025\/03\/10\/visite-de-notre-village-par-jean-michel\/"]}]},{"@type":"ImageObject","inLanguage":"fr-FR","@id":"https:\/\/leicaminaireseillanais.com\/index.php\/2025\/03\/10\/visite-de-notre-village-par-jean-michel\/#primaryimage","url":"https:\/\/leicaminaireseillanais.com\/wp-content\/uploads\/2025\/03\/IMG_9140-scaled.jpg","contentUrl":"https:\/\/leicaminaireseillanais.com\/wp-content\/uploads\/2025\/03\/IMG_9140-scaled.jpg","width":2560,"height":1920},{"@type":"BreadcrumbList","@id":"https:\/\/leicaminaireseillanais.com\/index.php\/2025\/03\/10\/visite-de-notre-village-par-jean-michel\/#breadcrumb","itemListElement":[{"@type":"ListItem","position":1,"name":"Accueil","item":"https:\/\/leicaminaireseillanais.com\/"},{"@type":"ListItem","position":2,"name":"Visite de notre village par Jean-Michel"}]},{"@type":"WebSite","@id":"https:\/\/leicaminaireseillanais.com\/#website","url":"https:\/\/leicaminaireseillanais.com\/","name":"Lei Camina\u00efre Seillanais","description":"Organise et encadre des randonn\u00e9es p\u00e9destres.","publisher":{"@id":"https:\/\/leicaminaireseillanais.com\/#organization"},"potentialAction":[{"@type":"SearchAction","target":{"@type":"EntryPoint","urlTemplate":"https:\/\/leicaminaireseillanais.com\/?s={search_term_string}"},"query-input":{"@type":"PropertyValueSpecification","valueRequired":true,"valueName":"search_term_string"}}],"inLanguage":"fr-FR"},{"@type":"Organization","@id":"https:\/\/leicaminaireseillanais.com\/#organization","name":"Lei Camina\u00efre Seillanais","url":"https:\/\/leicaminaireseillanais.com\/","logo":{"@type":"ImageObject","inLanguage":"fr-FR","@id":"https:\/\/leicaminaireseillanais.com\/#\/schema\/logo\/image\/","url":"https:\/\/leicaminaireseillanais.com\/wp-content\/uploads\/2025\/12\/cropped-LEI-CAMINAIRE-SEILLANAIS-LOGO-icone.png","contentUrl":"https:\/\/leicaminaireseillanais.com\/wp-content\/uploads\/2025\/12\/cropped-LEI-CAMINAIRE-SEILLANAIS-LOGO-icone.png","width":150,"height":148,"caption":"Lei Camina\u00efre Seillanais"},"image":{"@id":"https:\/\/leicaminaireseillanais.com\/#\/schema\/logo\/image\/"}},{"@type":"Person","@id":"https:\/\/leicaminaireseillanais.com\/#\/schema\/person\/e8e228fc0cda7c98a74bebf3f6975eb2","name":"Virginie Malaplate","image":{"@type":"ImageObject","inLanguage":"fr-FR","@id":"https:\/\/leicaminaireseillanais.com\/#\/schema\/person\/image\/","url":"https:\/\/secure.gravatar.com\/avatar\/d237f2fdff27d03f209dc7b22d133ba885b00438b7a3ffff9ecd5b57d16b1462?s=96&d=mm&r=g","contentUrl":"https:\/\/secure.gravatar.com\/avatar\/d237f2fdff27d03f209dc7b22d133ba885b00438b7a3ffff9ecd5b57d16b1462?s=96&d=mm&r=g","caption":"Virginie Malaplate"},"url":"https:\/\/leicaminaireseillanais.com\/index.php\/author\/virginie\/"}]}},"_links":{"self":[{"href":"https:\/\/leicaminaireseillanais.com\/index.php\/wp-json\/wp\/v2\/posts\/445","targetHints":{"allow":["GET"]}}],"collection":[{"href":"https:\/\/leicaminaireseillanais.com\/index.php\/wp-json\/wp\/v2\/posts"}],"about":[{"href":"https:\/\/leicaminaireseillanais.com\/index.php\/wp-json\/wp\/v2\/types\/post"}],"author":[{"embeddable":true,"href":"https:\/\/leicaminaireseillanais.com\/index.php\/wp-json\/wp\/v2\/users\/2"}],"replies":[{"embeddable":true,"href":"https:\/\/leicaminaireseillanais.com\/index.php\/wp-json\/wp\/v2\/comments?post=445"}],"version-history":[{"count":1,"href":"https:\/\/leicaminaireseillanais.com\/index.php\/wp-json\/wp\/v2\/posts\/445\/revisions"}],"predecessor-version":[{"id":449,"href":"https:\/\/leicaminaireseillanais.com\/index.php\/wp-json\/wp\/v2\/posts\/445\/revisions\/449"}],"wp:featuredmedia":[{"embeddable":true,"href":"https:\/\/leicaminaireseillanais.com\/index.php\/wp-json\/wp\/v2\/media\/448"}],"wp:attachment":[{"href":"https:\/\/leicaminaireseillanais.com\/index.php\/wp-json\/wp\/v2\/media?parent=445"}],"wp:term":[{"taxonomy":"category","embeddable":true,"href":"https:\/\/leicaminaireseillanais.com\/index.php\/wp-json\/wp\/v2\/categories?post=445"},{"taxonomy":"post_tag","embeddable":true,"href":"https:\/\/leicaminaireseillanais.com\/index.php\/wp-json\/wp\/v2\/tags?post=445"}],"curies":[{"name":"wp","href":"https:\/\/api.w.org\/{rel}","templated":true}]}}