{"id":420,"date":"2025-03-01T23:48:03","date_gmt":"2025-03-01T22:48:03","guid":{"rendered":"https:\/\/leicaminaireseillanais.com\/?p=420"},"modified":"2025-03-01T23:56:35","modified_gmt":"2025-03-01T22:56:35","slug":"ag-de-la-federation-francaise-de-randonnee-pedestre-du-var-a-seillans","status":"publish","type":"post","link":"https:\/\/leicaminaireseillanais.com\/index.php\/2025\/03\/01\/ag-de-la-federation-francaise-de-randonnee-pedestre-du-var-a-seillans\/","title":{"rendered":"AG de la F\u00e9d\u00e9ration Fran\u00e7aise de Randonn\u00e9e P\u00e9destre du Var \u00e0 Seillans"},"content":{"rendered":"\n<p>Notre joli village de Seillans est fier d&rsquo;avoir \u00e9t\u00e9 choisi pour accueillir l&rsquo;Assembl\u00e9e G\u00e9n\u00e9rale de la F\u00e9d\u00e9ration Fran\u00e7aise de Randonn\u00e9e P\u00e9destre du Var en date du 1er mars 2025. Pr\u00e8s d&rsquo;une centaine de personnes ont assist\u00e9 \u00e0 cette manifestation qui s&rsquo;est poursuivie par un d\u00e9jeuner (au menu, entre autres, petits porcelets grill\u00e9s au feu de bois&#8230;). Une promenade patrimoniale et&#8230; digestive dans les ruelles de Seillans sous la houlette de Jean-Michel a compl\u00e9t\u00e9 cette belle journ\u00e9e.<\/p>\n\n\n\n<p><\/p>\n\n\n\n<figure class=\"wp-block-image size-large\"><img loading=\"lazy\" decoding=\"async\" width=\"1024\" height=\"473\" src=\"https:\/\/leicaminaireseillanais.com\/wp-content\/uploads\/2025\/03\/20250301_092234-1-1024x473.jpg\" alt=\"\" class=\"wp-image-429\" srcset=\"https:\/\/leicaminaireseillanais.com\/wp-content\/uploads\/2025\/03\/20250301_092234-1-1024x473.jpg 1024w, https:\/\/leicaminaireseillanais.com\/wp-content\/uploads\/2025\/03\/20250301_092234-1-300x139.jpg 300w, https:\/\/leicaminaireseillanais.com\/wp-content\/uploads\/2025\/03\/20250301_092234-1-768x355.jpg 768w, https:\/\/leicaminaireseillanais.com\/wp-content\/uploads\/2025\/03\/20250301_092234-1-1536x710.jpg 1536w, https:\/\/leicaminaireseillanais.com\/wp-content\/uploads\/2025\/03\/20250301_092234-1-2048x946.jpg 2048w\" sizes=\"auto, (max-width: 1024px) 100vw, 1024px\" \/><\/figure>\n\n\n\n<figure class=\"wp-block-image size-large\"><img loading=\"lazy\" decoding=\"async\" width=\"1024\" height=\"473\" src=\"https:\/\/leicaminaireseillanais.com\/wp-content\/uploads\/2025\/03\/20250301_092551-1024x473.jpg\" alt=\"\" class=\"wp-image-422\" srcset=\"https:\/\/leicaminaireseillanais.com\/wp-content\/uploads\/2025\/03\/20250301_092551-1024x473.jpg 1024w, https:\/\/leicaminaireseillanais.com\/wp-content\/uploads\/2025\/03\/20250301_092551-300x139.jpg 300w, https:\/\/leicaminaireseillanais.com\/wp-content\/uploads\/2025\/03\/20250301_092551-768x355.jpg 768w, https:\/\/leicaminaireseillanais.com\/wp-content\/uploads\/2025\/03\/20250301_092551-1536x710.jpg 1536w, https:\/\/leicaminaireseillanais.com\/wp-content\/uploads\/2025\/03\/20250301_092551-2048x946.jpg 2048w\" sizes=\"auto, (max-width: 1024px) 100vw, 1024px\" \/><\/figure>\n\n\n\n<figure class=\"wp-block-image size-large\"><img loading=\"lazy\" decoding=\"async\" width=\"1024\" height=\"473\" src=\"https:\/\/leicaminaireseillanais.com\/wp-content\/uploads\/2025\/03\/20250301_110733-2-1024x473.jpg\" alt=\"\" class=\"wp-image-427\" srcset=\"https:\/\/leicaminaireseillanais.com\/wp-content\/uploads\/2025\/03\/20250301_110733-2-1024x473.jpg 1024w, https:\/\/leicaminaireseillanais.com\/wp-content\/uploads\/2025\/03\/20250301_110733-2-300x139.jpg 300w, https:\/\/leicaminaireseillanais.com\/wp-content\/uploads\/2025\/03\/20250301_110733-2-768x355.jpg 768w, https:\/\/leicaminaireseillanais.com\/wp-content\/uploads\/2025\/03\/20250301_110733-2-1536x710.jpg 1536w, https:\/\/leicaminaireseillanais.com\/wp-content\/uploads\/2025\/03\/20250301_110733-2-2048x946.jpg 2048w\" sizes=\"auto, (max-width: 1024px) 100vw, 1024px\" \/><\/figure>\n\n\n\n<p><\/p>\n","protected":false},"excerpt":{"rendered":"<p>Notre joli village de Seillans est fier d&rsquo;avoir \u00e9t\u00e9 choisi pour accueillir l&rsquo;Assembl\u00e9e G\u00e9n\u00e9rale de la F\u00e9d\u00e9ration Fran\u00e7aise de Randonn\u00e9e P\u00e9destre du Var en date du 1er mars 2025. Pr\u00e8s d&rsquo;une centaine de personnes ont assist\u00e9 \u00e0 cette manifestation qui s&rsquo;est poursuivie par un d\u00e9jeuner (au menu, entre autres, petits [&hellip;]<\/p>\n","protected":false},"author":2,"featured_media":429,"comment_status":"open","ping_status":"open","sticky":false,"template":"","format":"standard","meta":{"footnotes":""},"categories":[1],"tags":[],"class_list":["post-420","post","type-post","status-publish","format-standard","has-post-thumbnail","hentry","category-non-classe"],"yoast_head":"<!-- This site is optimized with the Yoast SEO plugin v26.7 - https:\/\/yoast.com\/wordpress\/plugins\/seo\/ -->\n<title>AG de la F\u00e9d\u00e9ration Fran\u00e7aise de Randonn\u00e9e P\u00e9destre du Var \u00e0 Seillans - Lei Camina\u00efre Seillanais<\/title>\n<meta name=\"robots\" content=\"index, follow, max-snippet:-1, max-image-preview:large, max-video-preview:-1\" \/>\n<link rel=\"canonical\" href=\"https:\/\/leicaminaireseillanais.com\/index.php\/2025\/03\/01\/ag-de-la-federation-francaise-de-randonnee-pedestre-du-var-a-seillans\/\" \/>\n<meta property=\"og:locale\" content=\"fr_FR\" \/>\n<meta property=\"og:type\" content=\"article\" \/>\n<meta property=\"og:title\" content=\"AG de la F\u00e9d\u00e9ration Fran\u00e7aise de Randonn\u00e9e P\u00e9destre du Var \u00e0 Seillans - Lei Camina\u00efre Seillanais\" \/>\n<meta property=\"og:description\" content=\"Notre joli village de Seillans est fier d&rsquo;avoir \u00e9t\u00e9 choisi pour accueillir l&rsquo;Assembl\u00e9e G\u00e9n\u00e9rale de la F\u00e9d\u00e9ration Fran\u00e7aise de Randonn\u00e9e P\u00e9destre du Var en date du 1er mars 2025. Pr\u00e8s d&rsquo;une centaine de personnes ont assist\u00e9 \u00e0 cette manifestation qui s&rsquo;est poursuivie par un d\u00e9jeuner (au menu, entre autres, petits [&hellip;]\" \/>\n<meta property=\"og:url\" content=\"https:\/\/leicaminaireseillanais.com\/index.php\/2025\/03\/01\/ag-de-la-federation-francaise-de-randonnee-pedestre-du-var-a-seillans\/\" \/>\n<meta property=\"og:site_name\" content=\"Lei Camina\u00efre Seillanais\" \/>\n<meta property=\"article:published_time\" content=\"2025-03-01T22:48:03+00:00\" \/>\n<meta property=\"article:modified_time\" content=\"2025-03-01T22:56:35+00:00\" \/>\n<meta property=\"og:image\" content=\"https:\/\/leicaminaireseillanais.com\/wp-content\/uploads\/2025\/03\/20250301_092234-1-scaled.jpg\" \/>\n\t<meta property=\"og:image:width\" content=\"2560\" \/>\n\t<meta property=\"og:image:height\" content=\"1183\" \/>\n\t<meta property=\"og:image:type\" content=\"image\/jpeg\" \/>\n<meta name=\"author\" content=\"Virginie Malaplate\" \/>\n<meta name=\"twitter:card\" content=\"summary_large_image\" \/>\n<meta name=\"twitter:label1\" content=\"\u00c9crit par\" \/>\n\t<meta name=\"twitter:data1\" content=\"Virginie Malaplate\" \/>\n\t<meta name=\"twitter:label2\" content=\"Dur\u00e9e de lecture estim\u00e9e\" \/>\n\t<meta name=\"twitter:data2\" content=\"2 minutes\" \/>\n<script type=\"application\/ld+json\" class=\"yoast-schema-graph\">{\"@context\":\"https:\/\/schema.org\",\"@graph\":[{\"@type\":\"Article\",\"@id\":\"https:\/\/leicaminaireseillanais.com\/index.php\/2025\/03\/01\/ag-de-la-federation-francaise-de-randonnee-pedestre-du-var-a-seillans\/#article\",\"isPartOf\":{\"@id\":\"https:\/\/leicaminaireseillanais.com\/index.php\/2025\/03\/01\/ag-de-la-federation-francaise-de-randonnee-pedestre-du-var-a-seillans\/\"},\"author\":{\"name\":\"Virginie Malaplate\",\"@id\":\"https:\/\/leicaminaireseillanais.com\/#\/schema\/person\/e8e228fc0cda7c98a74bebf3f6975eb2\"},\"headline\":\"AG de la F\u00e9d\u00e9ration Fran\u00e7aise de Randonn\u00e9e P\u00e9destre du Var \u00e0 Seillans\",\"datePublished\":\"2025-03-01T22:48:03+00:00\",\"dateModified\":\"2025-03-01T22:56:35+00:00\",\"mainEntityOfPage\":{\"@id\":\"https:\/\/leicaminaireseillanais.com\/index.php\/2025\/03\/01\/ag-de-la-federation-francaise-de-randonnee-pedestre-du-var-a-seillans\/\"},\"wordCount\":107,\"commentCount\":0,\"publisher\":{\"@id\":\"https:\/\/leicaminaireseillanais.com\/#organization\"},\"image\":{\"@id\":\"https:\/\/leicaminaireseillanais.com\/index.php\/2025\/03\/01\/ag-de-la-federation-francaise-de-randonnee-pedestre-du-var-a-seillans\/#primaryimage\"},\"thumbnailUrl\":\"https:\/\/leicaminaireseillanais.com\/wp-content\/uploads\/2025\/03\/20250301_092234-1-scaled.jpg\",\"inLanguage\":\"fr-FR\",\"potentialAction\":[{\"@type\":\"CommentAction\",\"name\":\"Comment\",\"target\":[\"https:\/\/leicaminaireseillanais.com\/index.php\/2025\/03\/01\/ag-de-la-federation-francaise-de-randonnee-pedestre-du-var-a-seillans\/#respond\"]}]},{\"@type\":\"WebPage\",\"@id\":\"https:\/\/leicaminaireseillanais.com\/index.php\/2025\/03\/01\/ag-de-la-federation-francaise-de-randonnee-pedestre-du-var-a-seillans\/\",\"url\":\"https:\/\/leicaminaireseillanais.com\/index.php\/2025\/03\/01\/ag-de-la-federation-francaise-de-randonnee-pedestre-du-var-a-seillans\/\",\"name\":\"AG de la F\u00e9d\u00e9ration Fran\u00e7aise de Randonn\u00e9e P\u00e9destre du Var \u00e0 Seillans - Lei Camina\u00efre Seillanais\",\"isPartOf\":{\"@id\":\"https:\/\/leicaminaireseillanais.com\/#website\"},\"primaryImageOfPage\":{\"@id\":\"https:\/\/leicaminaireseillanais.com\/index.php\/2025\/03\/01\/ag-de-la-federation-francaise-de-randonnee-pedestre-du-var-a-seillans\/#primaryimage\"},\"image\":{\"@id\":\"https:\/\/leicaminaireseillanais.com\/index.php\/2025\/03\/01\/ag-de-la-federation-francaise-de-randonnee-pedestre-du-var-a-seillans\/#primaryimage\"},\"thumbnailUrl\":\"https:\/\/leicaminaireseillanais.com\/wp-content\/uploads\/2025\/03\/20250301_092234-1-scaled.jpg\",\"datePublished\":\"2025-03-01T22:48:03+00:00\",\"dateModified\":\"2025-03-01T22:56:35+00:00\",\"breadcrumb\":{\"@id\":\"https:\/\/leicaminaireseillanais.com\/index.php\/2025\/03\/01\/ag-de-la-federation-francaise-de-randonnee-pedestre-du-var-a-seillans\/#breadcrumb\"},\"inLanguage\":\"fr-FR\",\"potentialAction\":[{\"@type\":\"ReadAction\",\"target\":[\"https:\/\/leicaminaireseillanais.com\/index.php\/2025\/03\/01\/ag-de-la-federation-francaise-de-randonnee-pedestre-du-var-a-seillans\/\"]}]},{\"@type\":\"ImageObject\",\"inLanguage\":\"fr-FR\",\"@id\":\"https:\/\/leicaminaireseillanais.com\/index.php\/2025\/03\/01\/ag-de-la-federation-francaise-de-randonnee-pedestre-du-var-a-seillans\/#primaryimage\",\"url\":\"https:\/\/leicaminaireseillanais.com\/wp-content\/uploads\/2025\/03\/20250301_092234-1-scaled.jpg\",\"contentUrl\":\"https:\/\/leicaminaireseillanais.com\/wp-content\/uploads\/2025\/03\/20250301_092234-1-scaled.jpg\",\"width\":2560,\"height\":1183},{\"@type\":\"BreadcrumbList\",\"@id\":\"https:\/\/leicaminaireseillanais.com\/index.php\/2025\/03\/01\/ag-de-la-federation-francaise-de-randonnee-pedestre-du-var-a-seillans\/#breadcrumb\",\"itemListElement\":[{\"@type\":\"ListItem\",\"position\":1,\"name\":\"Accueil\",\"item\":\"https:\/\/leicaminaireseillanais.com\/\"},{\"@type\":\"ListItem\",\"position\":2,\"name\":\"AG de la F\u00e9d\u00e9ration Fran\u00e7aise de Randonn\u00e9e P\u00e9destre du Var \u00e0 Seillans\"}]},{\"@type\":\"WebSite\",\"@id\":\"https:\/\/leicaminaireseillanais.com\/#website\",\"url\":\"https:\/\/leicaminaireseillanais.com\/\",\"name\":\"Lei Camina\u00efre Seillanais\",\"description\":\"Organise et encadre des randonn\u00e9es p\u00e9destres.\",\"publisher\":{\"@id\":\"https:\/\/leicaminaireseillanais.com\/#organization\"},\"potentialAction\":[{\"@type\":\"SearchAction\",\"target\":{\"@type\":\"EntryPoint\",\"urlTemplate\":\"https:\/\/leicaminaireseillanais.com\/?s={search_term_string}\"},\"query-input\":{\"@type\":\"PropertyValueSpecification\",\"valueRequired\":true,\"valueName\":\"search_term_string\"}}],\"inLanguage\":\"fr-FR\"},{\"@type\":\"Organization\",\"@id\":\"https:\/\/leicaminaireseillanais.com\/#organization\",\"name\":\"Lei Camina\u00efre Seillanais\",\"url\":\"https:\/\/leicaminaireseillanais.com\/\",\"logo\":{\"@type\":\"ImageObject\",\"inLanguage\":\"fr-FR\",\"@id\":\"https:\/\/leicaminaireseillanais.com\/#\/schema\/logo\/image\/\",\"url\":\"https:\/\/leicaminaireseillanais.com\/wp-content\/uploads\/2025\/12\/cropped-LEI-CAMINAIRE-SEILLANAIS-LOGO-icone.png\",\"contentUrl\":\"https:\/\/leicaminaireseillanais.com\/wp-content\/uploads\/2025\/12\/cropped-LEI-CAMINAIRE-SEILLANAIS-LOGO-icone.png\",\"width\":150,\"height\":148,\"caption\":\"Lei Camina\u00efre Seillanais\"},\"image\":{\"@id\":\"https:\/\/leicaminaireseillanais.com\/#\/schema\/logo\/image\/\"}},{\"@type\":\"Person\",\"@id\":\"https:\/\/leicaminaireseillanais.com\/#\/schema\/person\/e8e228fc0cda7c98a74bebf3f6975eb2\",\"name\":\"Virginie Malaplate\",\"image\":{\"@type\":\"ImageObject\",\"inLanguage\":\"fr-FR\",\"@id\":\"https:\/\/leicaminaireseillanais.com\/#\/schema\/person\/image\/\",\"url\":\"https:\/\/secure.gravatar.com\/avatar\/d237f2fdff27d03f209dc7b22d133ba885b00438b7a3ffff9ecd5b57d16b1462?s=96&d=mm&r=g\",\"contentUrl\":\"https:\/\/secure.gravatar.com\/avatar\/d237f2fdff27d03f209dc7b22d133ba885b00438b7a3ffff9ecd5b57d16b1462?s=96&d=mm&r=g\",\"caption\":\"Virginie Malaplate\"},\"url\":\"https:\/\/leicaminaireseillanais.com\/index.php\/author\/virginie\/\"}]}<\/script>\n<!-- \/ Yoast SEO plugin. -->","yoast_head_json":{"title":"AG de la F\u00e9d\u00e9ration Fran\u00e7aise de Randonn\u00e9e P\u00e9destre du Var \u00e0 Seillans - Lei Camina\u00efre Seillanais","robots":{"index":"index","follow":"follow","max-snippet":"max-snippet:-1","max-image-preview":"max-image-preview:large","max-video-preview":"max-video-preview:-1"},"canonical":"https:\/\/leicaminaireseillanais.com\/index.php\/2025\/03\/01\/ag-de-la-federation-francaise-de-randonnee-pedestre-du-var-a-seillans\/","og_locale":"fr_FR","og_type":"article","og_title":"AG de la F\u00e9d\u00e9ration Fran\u00e7aise de Randonn\u00e9e P\u00e9destre du Var \u00e0 Seillans - Lei Camina\u00efre Seillanais","og_description":"Notre joli village de Seillans est fier d&rsquo;avoir \u00e9t\u00e9 choisi pour accueillir l&rsquo;Assembl\u00e9e G\u00e9n\u00e9rale de la F\u00e9d\u00e9ration Fran\u00e7aise de Randonn\u00e9e P\u00e9destre du Var en date du 1er mars 2025. Pr\u00e8s d&rsquo;une centaine de personnes ont assist\u00e9 \u00e0 cette manifestation qui s&rsquo;est poursuivie par un d\u00e9jeuner (au menu, entre autres, petits [&hellip;]","og_url":"https:\/\/leicaminaireseillanais.com\/index.php\/2025\/03\/01\/ag-de-la-federation-francaise-de-randonnee-pedestre-du-var-a-seillans\/","og_site_name":"Lei Camina\u00efre Seillanais","article_published_time":"2025-03-01T22:48:03+00:00","article_modified_time":"2025-03-01T22:56:35+00:00","og_image":[{"width":2560,"height":1183,"url":"https:\/\/leicaminaireseillanais.com\/wp-content\/uploads\/2025\/03\/20250301_092234-1-scaled.jpg","type":"image\/jpeg"}],"author":"Virginie Malaplate","twitter_card":"summary_large_image","twitter_misc":{"\u00c9crit par":"Virginie Malaplate","Dur\u00e9e de lecture estim\u00e9e":"2 minutes"},"schema":{"@context":"https:\/\/schema.org","@graph":[{"@type":"Article","@id":"https:\/\/leicaminaireseillanais.com\/index.php\/2025\/03\/01\/ag-de-la-federation-francaise-de-randonnee-pedestre-du-var-a-seillans\/#article","isPartOf":{"@id":"https:\/\/leicaminaireseillanais.com\/index.php\/2025\/03\/01\/ag-de-la-federation-francaise-de-randonnee-pedestre-du-var-a-seillans\/"},"author":{"name":"Virginie Malaplate","@id":"https:\/\/leicaminaireseillanais.com\/#\/schema\/person\/e8e228fc0cda7c98a74bebf3f6975eb2"},"headline":"AG de la F\u00e9d\u00e9ration Fran\u00e7aise de Randonn\u00e9e P\u00e9destre du Var \u00e0 Seillans","datePublished":"2025-03-01T22:48:03+00:00","dateModified":"2025-03-01T22:56:35+00:00","mainEntityOfPage":{"@id":"https:\/\/leicaminaireseillanais.com\/index.php\/2025\/03\/01\/ag-de-la-federation-francaise-de-randonnee-pedestre-du-var-a-seillans\/"},"wordCount":107,"commentCount":0,"publisher":{"@id":"https:\/\/leicaminaireseillanais.com\/#organization"},"image":{"@id":"https:\/\/leicaminaireseillanais.com\/index.php\/2025\/03\/01\/ag-de-la-federation-francaise-de-randonnee-pedestre-du-var-a-seillans\/#primaryimage"},"thumbnailUrl":"https:\/\/leicaminaireseillanais.com\/wp-content\/uploads\/2025\/03\/20250301_092234-1-scaled.jpg","inLanguage":"fr-FR","potentialAction":[{"@type":"CommentAction","name":"Comment","target":["https:\/\/leicaminaireseillanais.com\/index.php\/2025\/03\/01\/ag-de-la-federation-francaise-de-randonnee-pedestre-du-var-a-seillans\/#respond"]}]},{"@type":"WebPage","@id":"https:\/\/leicaminaireseillanais.com\/index.php\/2025\/03\/01\/ag-de-la-federation-francaise-de-randonnee-pedestre-du-var-a-seillans\/","url":"https:\/\/leicaminaireseillanais.com\/index.php\/2025\/03\/01\/ag-de-la-federation-francaise-de-randonnee-pedestre-du-var-a-seillans\/","name":"AG de la F\u00e9d\u00e9ration Fran\u00e7aise de Randonn\u00e9e P\u00e9destre du Var \u00e0 Seillans - Lei Camina\u00efre Seillanais","isPartOf":{"@id":"https:\/\/leicaminaireseillanais.com\/#website"},"primaryImageOfPage":{"@id":"https:\/\/leicaminaireseillanais.com\/index.php\/2025\/03\/01\/ag-de-la-federation-francaise-de-randonnee-pedestre-du-var-a-seillans\/#primaryimage"},"image":{"@id":"https:\/\/leicaminaireseillanais.com\/index.php\/2025\/03\/01\/ag-de-la-federation-francaise-de-randonnee-pedestre-du-var-a-seillans\/#primaryimage"},"thumbnailUrl":"https:\/\/leicaminaireseillanais.com\/wp-content\/uploads\/2025\/03\/20250301_092234-1-scaled.jpg","datePublished":"2025-03-01T22:48:03+00:00","dateModified":"2025-03-01T22:56:35+00:00","breadcrumb":{"@id":"https:\/\/leicaminaireseillanais.com\/index.php\/2025\/03\/01\/ag-de-la-federation-francaise-de-randonnee-pedestre-du-var-a-seillans\/#breadcrumb"},"inLanguage":"fr-FR","potentialAction":[{"@type":"ReadAction","target":["https:\/\/leicaminaireseillanais.com\/index.php\/2025\/03\/01\/ag-de-la-federation-francaise-de-randonnee-pedestre-du-var-a-seillans\/"]}]},{"@type":"ImageObject","inLanguage":"fr-FR","@id":"https:\/\/leicaminaireseillanais.com\/index.php\/2025\/03\/01\/ag-de-la-federation-francaise-de-randonnee-pedestre-du-var-a-seillans\/#primaryimage","url":"https:\/\/leicaminaireseillanais.com\/wp-content\/uploads\/2025\/03\/20250301_092234-1-scaled.jpg","contentUrl":"https:\/\/leicaminaireseillanais.com\/wp-content\/uploads\/2025\/03\/20250301_092234-1-scaled.jpg","width":2560,"height":1183},{"@type":"BreadcrumbList","@id":"https:\/\/leicaminaireseillanais.com\/index.php\/2025\/03\/01\/ag-de-la-federation-francaise-de-randonnee-pedestre-du-var-a-seillans\/#breadcrumb","itemListElement":[{"@type":"ListItem","position":1,"name":"Accueil","item":"https:\/\/leicaminaireseillanais.com\/"},{"@type":"ListItem","position":2,"name":"AG de la F\u00e9d\u00e9ration Fran\u00e7aise de Randonn\u00e9e P\u00e9destre du Var \u00e0 Seillans"}]},{"@type":"WebSite","@id":"https:\/\/leicaminaireseillanais.com\/#website","url":"https:\/\/leicaminaireseillanais.com\/","name":"Lei Camina\u00efre Seillanais","description":"Organise et encadre des randonn\u00e9es p\u00e9destres.","publisher":{"@id":"https:\/\/leicaminaireseillanais.com\/#organization"},"potentialAction":[{"@type":"SearchAction","target":{"@type":"EntryPoint","urlTemplate":"https:\/\/leicaminaireseillanais.com\/?s={search_term_string}"},"query-input":{"@type":"PropertyValueSpecification","valueRequired":true,"valueName":"search_term_string"}}],"inLanguage":"fr-FR"},{"@type":"Organization","@id":"https:\/\/leicaminaireseillanais.com\/#organization","name":"Lei Camina\u00efre Seillanais","url":"https:\/\/leicaminaireseillanais.com\/","logo":{"@type":"ImageObject","inLanguage":"fr-FR","@id":"https:\/\/leicaminaireseillanais.com\/#\/schema\/logo\/image\/","url":"https:\/\/leicaminaireseillanais.com\/wp-content\/uploads\/2025\/12\/cropped-LEI-CAMINAIRE-SEILLANAIS-LOGO-icone.png","contentUrl":"https:\/\/leicaminaireseillanais.com\/wp-content\/uploads\/2025\/12\/cropped-LEI-CAMINAIRE-SEILLANAIS-LOGO-icone.png","width":150,"height":148,"caption":"Lei Camina\u00efre Seillanais"},"image":{"@id":"https:\/\/leicaminaireseillanais.com\/#\/schema\/logo\/image\/"}},{"@type":"Person","@id":"https:\/\/leicaminaireseillanais.com\/#\/schema\/person\/e8e228fc0cda7c98a74bebf3f6975eb2","name":"Virginie Malaplate","image":{"@type":"ImageObject","inLanguage":"fr-FR","@id":"https:\/\/leicaminaireseillanais.com\/#\/schema\/person\/image\/","url":"https:\/\/secure.gravatar.com\/avatar\/d237f2fdff27d03f209dc7b22d133ba885b00438b7a3ffff9ecd5b57d16b1462?s=96&d=mm&r=g","contentUrl":"https:\/\/secure.gravatar.com\/avatar\/d237f2fdff27d03f209dc7b22d133ba885b00438b7a3ffff9ecd5b57d16b1462?s=96&d=mm&r=g","caption":"Virginie Malaplate"},"url":"https:\/\/leicaminaireseillanais.com\/index.php\/author\/virginie\/"}]}},"_links":{"self":[{"href":"https:\/\/leicaminaireseillanais.com\/index.php\/wp-json\/wp\/v2\/posts\/420","targetHints":{"allow":["GET"]}}],"collection":[{"href":"https:\/\/leicaminaireseillanais.com\/index.php\/wp-json\/wp\/v2\/posts"}],"about":[{"href":"https:\/\/leicaminaireseillanais.com\/index.php\/wp-json\/wp\/v2\/types\/post"}],"author":[{"embeddable":true,"href":"https:\/\/leicaminaireseillanais.com\/index.php\/wp-json\/wp\/v2\/users\/2"}],"replies":[{"embeddable":true,"href":"https:\/\/leicaminaireseillanais.com\/index.php\/wp-json\/wp\/v2\/comments?post=420"}],"version-history":[{"count":4,"href":"https:\/\/leicaminaireseillanais.com\/index.php\/wp-json\/wp\/v2\/posts\/420\/revisions"}],"predecessor-version":[{"id":433,"href":"https:\/\/leicaminaireseillanais.com\/index.php\/wp-json\/wp\/v2\/posts\/420\/revisions\/433"}],"wp:featuredmedia":[{"embeddable":true,"href":"https:\/\/leicaminaireseillanais.com\/index.php\/wp-json\/wp\/v2\/media\/429"}],"wp:attachment":[{"href":"https:\/\/leicaminaireseillanais.com\/index.php\/wp-json\/wp\/v2\/media?parent=420"}],"wp:term":[{"taxonomy":"category","embeddable":true,"href":"https:\/\/leicaminaireseillanais.com\/index.php\/wp-json\/wp\/v2\/categories?post=420"},{"taxonomy":"post_tag","embeddable":true,"href":"https:\/\/leicaminaireseillanais.com\/index.php\/wp-json\/wp\/v2\/tags?post=420"}],"curies":[{"name":"wp","href":"https:\/\/api.w.org\/{rel}","templated":true}]}}